{"id":3296,"date":"2018-11-12T22:45:39","date_gmt":"2018-11-12T21:45:39","guid":{"rendered":"http:\/\/www.senka.fr\/blog\/?p=3296"},"modified":"2019-07-30T22:24:06","modified_gmt":"2019-07-30T20:24:06","slug":"villes-chili","status":"publish","type":"post","link":"https:\/\/www.senka.fr\/blog\/villes-chili\/","title":{"rendered":"Les villes de Chili"},"content":{"rendered":"\n<figure class=\"wp-block-embed-facebook wp-block-embed is-type-video is-provider-facebook\"><div class=\"wp-block-embed__wrapper\">\n<div class=\"fb-video\" data-allowfullscreen=\"true\" data-href=\"https:\/\/www.facebook.com\/senka.famille\/videos\/710213829336086\/\" style=\"background-color: #fff; display: inline-block;\"><\/div>\n<\/div><\/figure>\n\n\n\n<p>Arica, Iquique, Antofagasta, Copiapo, Valparaiso, Vina Del Mar, Santiago, Concepti\u00f3n, Temuco, Valdivia, Puerto Varas, Puerto Montt, Castro, \u00cele Chilo\u00e9 et \u00cele de P\u00e2ques par <strong>Awenna<\/strong>.<br>Merci \u00e0 <strong>Pedro <\/strong>et <strong>P<\/strong>a<strong>ula<\/strong>.<\/p>\n","protected":false},"excerpt":{"rendered":"<p>Arica, Iquique, Antofagasta, Copiapo, Valparaiso, Vina Del Mar, Santiago, Concepti\u00f3n, Temuco, Valdivia, Puerto Varas, Puerto Montt, Castro, \u00cele Chilo\u00e9 et \u00cele de P\u00e2ques par Awenna.Merci \u00e0 Pedro et Paula.<\/p>\n","protected":false},"author":6,"featured_media":4556,"comment_status":"closed","ping_status":"closed","sticky":false,"template":"","format":"video","meta":{"_jetpack_memberships_contains_paid_content":false,"footnotes":"","jetpack_publicize_message":"","jetpack_publicize_feature_enabled":true,"jetpack_social_post_already_shared":true,"jetpack_social_options":{"image_generator_settings":{"template":"highway","enabled":false},"version":2}},"categories":[6,11,32],"tags":[39,37],"class_list":["post-3296","post","type-post","status-publish","format-video","has-post-thumbnail","hentry","category-amerique-du-sud","category-chili","category-le-coin-des-enfants","tag-ville-ls","tag-video","post_format-post-format-video"],"jetpack_publicize_connections":[],"jetpack_featured_media_url":"https:\/\/i0.wp.com\/www.senka.fr\/blog\/wp-content\/uploads\/2019\/03\/Chili-1040x208.jpg?fit=1040%2C208&ssl=1","jetpack_sharing_enabled":true,"jetpack_shortlink":"https:\/\/wp.me\/p8IlF9-Ra","_links":{"self":[{"href":"https:\/\/www.senka.fr\/blog\/wp-json\/wp\/v2\/posts\/3296"}],"collection":[{"href":"https:\/\/www.senka.fr\/blog\/wp-json\/wp\/v2\/posts"}],"about":[{"href":"https:\/\/www.senka.fr\/blog\/wp-json\/wp\/v2\/types\/post"}],"author":[{"embeddable":true,"href":"https:\/\/www.senka.fr\/blog\/wp-json\/wp\/v2\/users\/6"}],"replies":[{"embeddable":true,"href":"https:\/\/www.senka.fr\/blog\/wp-json\/wp\/v2\/comments?post=3296"}],"version-history":[{"count":10,"href":"https:\/\/www.senka.fr\/blog\/wp-json\/wp\/v2\/posts\/3296\/revisions"}],"predecessor-version":[{"id":4535,"href":"https:\/\/www.senka.fr\/blog\/wp-json\/wp\/v2\/posts\/3296\/revisions\/4535"}],"wp:featuredmedia":[{"embeddable":true,"href":"https:\/\/www.senka.fr\/blog\/wp-json\/wp\/v2\/media\/4556"}],"wp:attachment":[{"href":"https:\/\/www.senka.fr\/blog\/wp-json\/wp\/v2\/media?parent=3296"}],"wp:term":[{"taxonomy":"category","embeddable":true,"href":"https:\/\/www.senka.fr\/blog\/wp-json\/wp\/v2\/categories?post=3296"},{"taxonomy":"post_tag","embeddable":true,"href":"https:\/\/www.senka.fr\/blog\/wp-json\/wp\/v2\/tags?post=3296"}],"curies":[{"name":"wp","href":"https:\/\/api.w.org\/{rel}","templated":true}]}}