{"id":727,"date":"2017-10-11T19:54:49","date_gmt":"2017-10-11T17:54:49","guid":{"rendered":"http:\/\/www.senka.fr\/blog\/?p=727"},"modified":"2019-12-01T11:27:23","modified_gmt":"2019-12-01T10:27:23","slug":"date-depart-connue","status":"publish","type":"post","link":"https:\/\/www.senka.fr\/blog\/date-depart-connue\/","title":{"rendered":"Date du d\u00e9part connue"},"content":{"rendered":"<div id=\"pl-727\"  class=\"panel-layout\" ><div id=\"pg-727-0\"  class=\"panel-grid panel-no-style\" ><div id=\"pgc-727-0-0\"  class=\"panel-grid-cell\" ><div id=\"panel-727-0-0-0\" class=\"so-panel widget widget_text panel-first-child panel-last-child\" data-index=\"0\" >\t\t\t<div class=\"textwidget\"><h3>A quand le d\u00e9part ?<\/h3>\n<p>Voil\u00e0 maintenant nous connaissons\u00a0 la date . Ce sera le <br \/> <b>lundi 6 ao\u00fbt 2018<\/b>, \u00e0 20h30, de Nantes<br \/> en direction de Lima, <strong>P\u00e9rou<\/strong> (transit par Madrid).<br \/> Nous venons d&#8217;acter les billets d&#8217;avion via une agence sp\u00e9cialis\u00e9e dans les billets tour du monde : <b>Travel Nation<\/b>.<br \/> L&#8217;achat de ces billets n&#8217;a pas \u00e9t\u00e9 si simple que \u00e7a, il a fallu &#8220;t\u00e9l\u00e9phoner&#8221; pour des paiements en ligne avec la CB.<br \/> Par contre, l&#8217;\u00e9change a \u00e9t\u00e9 cordial et sympathique. Apr\u00e8s un 1er devis en novembre 2016, on a peaufin\u00e9 l\u2019itin\u00e9raire au fil du temps pour un maximum de satisfaction. Pour nous, l&#8217;int\u00e9r\u00eat du pays et le budget sont nos priorit\u00e9s.<br \/> La date du retour sera le <b>jeudi 6 juin 2019<\/b>, 10h55, \u00e0 Nantes <em>(sous r\u00e9serve de confirmation un mois avant le grand d\u00e9part)<\/em>.<br \/> Donc, notre tour du monde durera <b>304 jours<\/b> (10 mois).<\/p>\n<\/div>\n\t\t<\/div><\/div><div id=\"pgc-727-0-1\"  class=\"panel-grid-cell\" ><div id=\"panel-727-0-1-0\" class=\"so-panel widget widget_text panel-first-child panel-last-child\" data-index=\"1\" >\t\t\t<div class=\"textwidget\">\t\t\r\n\t\t<!-- Begin Video.js Responsive Wrapper -->\r\n\t\t<div style='max-width:1920px'>\r\n\t\t\t<div class='video-wrapper' style='padding-bottom:56.25%;'>\r\n\t\t\t\t\r\n\t<!-- Begin Video.js -->\r\n\t<video id=\"example_video_id_2140560659\" class=\"video-js vjs-default-skin\" controls preload=\"auto\" data-setup='{\"forceSSL\":\"true\",\"techOrder\":[\"youtube\"],\"src\":\"https:\/\/youtu.be\/xHdDVAoh4fs\"}'>\r\n\t\t\r\n\t\t\r\n\t\t\r\n\t<\/video>\r\n\t<!-- End Video.js -->\r\n\r\n\t\t\t<\/div>\r\n\t\t<\/div>\r\n\t\t<!-- End Video.js Responsive Wrapper -->\r\n\t\t\n<\/div>\n\t\t<\/div><\/div><\/div><div id=\"pg-727-1\"  class=\"panel-grid panel-no-style\" ><div id=\"pgc-727-1-0\"  class=\"panel-grid-cell\" ><div id=\"panel-727-1-0-0\" class=\"so-panel widget widget_text panel-first-child panel-last-child\" data-index=\"2\" >\t\t\t<div class=\"textwidget\"><h3>Transit, Escale ? Quelle diff\u00e9rence ?<\/h3>\n<p>Le <b>transit<\/b> permet de changer l&#8217;avion \u00e0 l&#8217;a\u00e9roport pour une m\u00eame destination (par exemple de Nantes \u00e0 Lima, le changement d&#8217;avion aura lieu \u00e0 Madrid, dur\u00e9e d&#8217;attente 2h25).<br \/>\nDe mani\u00e8re g\u00e9n\u00e9rale, le transit dure g\u00e9n\u00e9ralement moins de 24 heures et il n&#8217;est pas possible de r\u00e9cup\u00e9rer les bagages qui seront dans la soute.<br \/>\nL&#8217;<b>escale<\/b> est une pause de longue dur\u00e9e (+ de 24h) dans l&#8217;a\u00e9roport en attendant de prendre le prochain avion (par exemple de Bali \u00e0 Kathmandu, l&#8217;escale sera \u00e0 Hong Kong). On a demand\u00e9 \u00e0 avoir un escale d&#8217;une dur\u00e9e de 4 jours pour profiter de visiter la ville (il faut toutefois ajouter un petit prix par personne).<\/p>\n<h3>Voici quelques chiffres :<\/h3>\n<p>&#8211; 16 vols <em>(99h15 de vols)<\/em><br \/>\n&#8211; 7 transits (Madrid 2x, Santiago, Auckland, Kuala Lumpur 2x, Hong Kong)<br \/>\n&#8211; 1 escale (Hong Kong)<\/p>\n<\/div>\n\t\t<\/div><\/div><\/div><\/div>","protected":false},"excerpt":{"rendered":"<p>A quand le d\u00e9part ? Voil\u00e0 maintenant nous connaissons\u00a0 la date . Ce sera le lundi 6 ao\u00fbt 2018, \u00e0 20h30, de Nantes en direction de Lima, P\u00e9rou (transit par Madrid). Nous venons d&#8217;acter les billets d&#8217;avion via une agence sp\u00e9cialis\u00e9e dans les billets tour du monde : Travel Nation. L&#8217;achat de ces billets n&#8217;a &hellip; <a href=\"https:\/\/www.senka.fr\/blog\/date-depart-connue\/\" class=\"more-link\">Continuer la lecture de <span class=\"screen-reader-text\">Date du d\u00e9part connue<\/span>  <span class=\"meta-nav\">&rarr;<\/span><\/a><\/p>\n","protected":false},"author":1,"featured_media":728,"comment_status":"closed","ping_status":"closed","sticky":false,"template":"","format":"standard","meta":{"_jetpack_memberships_contains_paid_content":false,"footnotes":"","jetpack_publicize_message":"La date du d\u00e9part connue","jetpack_publicize_feature_enabled":true,"jetpack_social_post_already_shared":true,"jetpack_social_options":{"image_generator_settings":{"template":"highway","enabled":false},"version":2}},"categories":[24],"tags":[],"class_list":["post-727","post","type-post","status-publish","format-standard","has-post-thumbnail","hentry","category-information"],"jetpack_publicize_connections":[],"jetpack_featured_media_url":"https:\/\/i0.wp.com\/www.senka.fr\/blog\/wp-content\/uploads\/2017\/10\/20171011-111902.jpg?fit=1040%2C208&ssl=1","jetpack_sharing_enabled":true,"jetpack_shortlink":"https:\/\/wp.me\/p8IlF9-bJ","_links":{"self":[{"href":"https:\/\/www.senka.fr\/blog\/wp-json\/wp\/v2\/posts\/727"}],"collection":[{"href":"https:\/\/www.senka.fr\/blog\/wp-json\/wp\/v2\/posts"}],"about":[{"href":"https:\/\/www.senka.fr\/blog\/wp-json\/wp\/v2\/types\/post"}],"author":[{"embeddable":true,"href":"https:\/\/www.senka.fr\/blog\/wp-json\/wp\/v2\/users\/1"}],"replies":[{"embeddable":true,"href":"https:\/\/www.senka.fr\/blog\/wp-json\/wp\/v2\/comments?post=727"}],"version-history":[{"count":49,"href":"https:\/\/www.senka.fr\/blog\/wp-json\/wp\/v2\/posts\/727\/revisions"}],"predecessor-version":[{"id":6058,"href":"https:\/\/www.senka.fr\/blog\/wp-json\/wp\/v2\/posts\/727\/revisions\/6058"}],"wp:featuredmedia":[{"embeddable":true,"href":"https:\/\/www.senka.fr\/blog\/wp-json\/wp\/v2\/media\/728"}],"wp:attachment":[{"href":"https:\/\/www.senka.fr\/blog\/wp-json\/wp\/v2\/media?parent=727"}],"wp:term":[{"taxonomy":"category","embeddable":true,"href":"https:\/\/www.senka.fr\/blog\/wp-json\/wp\/v2\/categories?post=727"},{"taxonomy":"post_tag","embeddable":true,"href":"https:\/\/www.senka.fr\/blog\/wp-json\/wp\/v2\/tags?post=727"}],"curies":[{"name":"wp","href":"https:\/\/api.w.org\/{rel}","templated":true}]}}